{"id":636,"date":"2013-04-15T01:05:18","date_gmt":"2013-04-15T03:05:18","guid":{"rendered":"http:\/\/www.encontrailhabela.com.br\/noticias\/?p=636"},"modified":"2013-08-14T02:29:16","modified_gmt":"2013-08-14T04:29:16","slug":"campanha-de-vacinacao-contra-a-gripe-tem-inicio-hoje-15-em-ilhabela","status":"publish","type":"post","link":"https:\/\/www.encontrailhabela.com.br\/noticias\/campanha-de-vacinacao-contra-a-gripe-tem-inicio-hoje-15-em-ilhabela\/","title":{"rendered":"Campanha de Vacina\u00e7\u00e3o contra a Gripe tem in\u00edcio hoje (15) em Ilhabela"},"content":{"rendered":"<p>A <a title=\"Prefeitura de Ilhabela\" href=\"http:\/\/www.encontrailhabela.com.br\/ilhabela\/prefeitura-de-ilhabela.shtml\" target=\"_blank\">Prefeitura de Ilhabela<\/a>, por meio da Secretaria de Sa\u00fade na cidade de Ilhabela, promover\u00e1 a \u201cCampanha de Vacina\u00e7\u00e3o contra a Gripe\u201d de 15 a 26 de abril, inclusive no s\u00e1bado (20\/4), das 8h \u00e0s 17h, em todas as unidades do Programa Sa\u00fade da Fam\u00edlia\u00a0 do munic\u00edpio. Devem tomar a vacina: idosos com mais de 60 anos, gestantes, mulheres no per\u00edodo de at\u00e9 45 dias ap\u00f3s o parto (em puerp\u00e9rio), crian\u00e7as de seis meses a dois anos; ind\u00edgenas e portadores de doen\u00e7as cr\u00f4nicas.<\/p>\n<p>A campanha tem o objetivo de reduzir o n\u00famero de complica\u00e7\u00f5es e interna\u00e7\u00f5es causadas pelo v\u00edrus da gripe (influenza) nas pessoas que fazem parte deste p\u00fablico. \u00c9 importante lembrar que a vacina \u00e9 contra indicada nos casos em que a crian\u00e7a ou o adulto tenha alergia grave causada pela ingest\u00e3o de ovo.<\/p>\n<p><em>Fonte: Prefeitura Ilhabela<\/em><\/p>\n","protected":false},"excerpt":{"rendered":"<p>A Prefeitura de Ilhabela, por meio da Secretaria de Sa\u00fade na cidade de Ilhabela, promover\u00e1 a \u201cCampanha de Vacina\u00e7\u00e3o contra a Gripe\u201d de 15 a 26 de abril, inclusive no s\u00e1bado (20\/4), das 8h \u00e0s 17h, em todas as unidades do Programa Sa\u00fade da Fam\u00edlia\u00a0 do munic\u00edpio. Devem tomar a vacina: idosos com mais de [&hellip;]<\/p>\n","protected":false},"author":1,"featured_media":0,"comment_status":"open","ping_status":"open","sticky":false,"template":"","format":"standard","meta":{"footnotes":""},"categories":[6],"tags":[],"class_list":["post-636","post","type-post","status-publish","format-standard","hentry","category-noticias"],"_links":{"self":[{"href":"https:\/\/www.encontrailhabela.com.br\/noticias\/wp-json\/wp\/v2\/posts\/636","targetHints":{"allow":["GET"]}}],"collection":[{"href":"https:\/\/www.encontrailhabela.com.br\/noticias\/wp-json\/wp\/v2\/posts"}],"about":[{"href":"https:\/\/www.encontrailhabela.com.br\/noticias\/wp-json\/wp\/v2\/types\/post"}],"author":[{"embeddable":true,"href":"https:\/\/www.encontrailhabela.com.br\/noticias\/wp-json\/wp\/v2\/users\/1"}],"replies":[{"embeddable":true,"href":"https:\/\/www.encontrailhabela.com.br\/noticias\/wp-json\/wp\/v2\/comments?post=636"}],"version-history":[{"count":2,"href":"https:\/\/www.encontrailhabela.com.br\/noticias\/wp-json\/wp\/v2\/posts\/636\/revisions"}],"predecessor-version":[{"id":1107,"href":"https:\/\/www.encontrailhabela.com.br\/noticias\/wp-json\/wp\/v2\/posts\/636\/revisions\/1107"}],"wp:attachment":[{"href":"https:\/\/www.encontrailhabela.com.br\/noticias\/wp-json\/wp\/v2\/media?parent=636"}],"wp:term":[{"taxonomy":"category","embeddable":true,"href":"https:\/\/www.encontrailhabela.com.br\/noticias\/wp-json\/wp\/v2\/categories?post=636"},{"taxonomy":"post_tag","embeddable":true,"href":"https:\/\/www.encontrailhabela.com.br\/noticias\/wp-json\/wp\/v2\/tags?post=636"}],"curies":[{"name":"wp","href":"https:\/\/api.w.org\/{rel}","templated":true}]}}